{"id":2549,"date":"2019-07-31T09:06:17","date_gmt":"2019-07-31T08:06:17","guid":{"rendered":"https:\/\/www.mygreenexport.com\/?p=2549"},"modified":"2019-08-27T09:30:46","modified_gmt":"2019-08-27T08:30:46","slug":"salvia-farinacea-victoria","status":"publish","type":"post","link":"https:\/\/www.mygreenexport.com\/es\/salvia-farinacea-victoria\/","title":{"rendered":"SALVIA FARINACEA &#8216;Victoria&#8217;"},"content":{"rendered":"<p><strong>Salvia farinacea &#8216;Victoria&#8217;<\/strong> es una herb\u00e1cea herb\u00e1cea perenne de M\u00e9xico.<br \/>\nLa planta puede alcanzar los 45 cm de altura con sus maravillosas flores profundas de color violeta-azul, abundantemente producidas desde la primavera hasta el final del verano.<br \/>\nSalvia farinacea Victoria necesita una ubicaci\u00f3n soleada, pero en lugares muy calientes prefiere un lugar de sombra media.<br \/>\nPuede resistir hasta -6\u00b0 C.<br \/>\nEs una planta impresionante si se utiliza en un racimo de muchas plantas e incluso se mezcla con hierbas ornamentales o diferentes herb\u00e1ceos.<\/p>\n","protected":false},"excerpt":{"rendered":"<p>Salvia farinacea &#8216;Victoria&#8217; es una herb\u00e1cea herb\u00e1cea perenne de M\u00e9xico. La planta puede alcanzar los 45 cm de altura con sus maravillosas flores profundas de color violeta-azul, abundantemente producidas desde la primavera&#8230;<\/p>\n","protected":false},"author":2,"featured_media":2551,"comment_status":"open","ping_status":"open","sticky":false,"template":"","format":"image","meta":{"footnotes":""},"categories":[72,83],"tags":[75,76,100,73],"yoast_head":"<!-- This site is optimized with the Yoast SEO plugin v22.0 - https:\/\/yoast.com\/wordpress\/plugins\/seo\/ -->\n<title>SALVIA FARINACEA &#039;Victoria&#039; | Green Export Italy - Plants, Trees and more<\/title>\n<meta name=\"robots\" content=\"index, follow, max-snippet:-1, max-image-preview:large, max-video-preview:-1\" \/>\n<link rel=\"canonical\" href=\"https:\/\/www.mygreenexport.com\/es\/salvia-farinacea-victoria\/\" \/>\n<meta property=\"og:locale\" content=\"es_ES\" \/>\n<meta property=\"og:type\" content=\"article\" \/>\n<meta property=\"og:title\" content=\"SALVIA FARINACEA &#039;Victoria&#039; | Green Export Italy - Plants, Trees and more\" \/>\n<meta property=\"og:description\" content=\"Salvia farinacea &#8216;Victoria&#8217; es una herb\u00e1cea herb\u00e1cea perenne de M\u00e9xico. La planta puede alcanzar los 45 cm de altura con sus maravillosas flores profundas de color violeta-azul, abundantemente producidas desde la primavera...\" \/>\n<meta property=\"og:url\" content=\"https:\/\/www.mygreenexport.com\/es\/salvia-farinacea-victoria\/\" \/>\n<meta property=\"og:site_name\" content=\"Green Export Italy - Plants, Trees and more\" \/>\n<meta property=\"article:publisher\" content=\"https:\/\/www.facebook.com\/greenexport.barbarabelvito\/\" \/>\n<meta property=\"article:published_time\" content=\"2019-07-31T08:06:17+00:00\" \/>\n<meta property=\"article:modified_time\" content=\"2019-08-27T08:30:46+00:00\" \/>\n<meta property=\"og:image\" content=\"https:\/\/www.mygreenexport.com\/wp-content\/uploads\/2019\/07\/salvia-farinacea-vistoria-16.jpg\" \/>\n\t<meta property=\"og:image:width\" content=\"756\" \/>\n\t<meta property=\"og:image:height\" content=\"1008\" \/>\n\t<meta property=\"og:image:type\" content=\"image\/jpeg\" \/>\n<meta name=\"author\" content=\"Barbara Belvito\" \/>\n<meta name=\"twitter:card\" content=\"summary_large_image\" \/>\n<meta name=\"twitter:label1\" content=\"Escrito por\" \/>\n\t<meta name=\"twitter:data1\" content=\"Barbara Belvito\" \/>\n<script type=\"application\/ld+json\" class=\"yoast-schema-graph\">{\"@context\":\"https:\/\/schema.org\",\"@graph\":[{\"@type\":\"Article\",\"@id\":\"https:\/\/www.mygreenexport.com\/es\/salvia-farinacea-victoria\/#article\",\"isPartOf\":{\"@id\":\"https:\/\/www.mygreenexport.com\/es\/salvia-farinacea-victoria\/\"},\"author\":{\"name\":\"Barbara Belvito\",\"@id\":\"https:\/\/www.mygreenexport.com\/es\/#\/schema\/person\/e95703e85e1e1ebbe0d84ba55d1fc78e\"},\"headline\":\"SALVIA FARINACEA &#8216;Victoria&#8217;\",\"datePublished\":\"2019-07-31T08:06:17+00:00\",\"dateModified\":\"2019-08-27T08:30:46+00:00\",\"mainEntityOfPage\":{\"@id\":\"https:\/\/www.mygreenexport.com\/es\/salvia-farinacea-victoria\/\"},\"wordCount\":90,\"commentCount\":0,\"publisher\":{\"@id\":\"https:\/\/www.mygreenexport.com\/es\/#organization\"},\"keywords\":[\"exportar\",\"Plantas\",\"SALVIA FARINACEA\",\"vida verde\"],\"articleSection\":[\"Nuevo producto\",\"Plantas en macetas\"],\"inLanguage\":\"es\",\"potentialAction\":[{\"@type\":\"CommentAction\",\"name\":\"Comment\",\"target\":[\"https:\/\/www.mygreenexport.com\/es\/salvia-farinacea-victoria\/#respond\"]}]},{\"@type\":\"WebPage\",\"@id\":\"https:\/\/www.mygreenexport.com\/es\/salvia-farinacea-victoria\/\",\"url\":\"https:\/\/www.mygreenexport.com\/es\/salvia-farinacea-victoria\/\",\"name\":\"SALVIA FARINACEA 'Victoria' | Green Export Italy - Plants, Trees and more\",\"isPartOf\":{\"@id\":\"https:\/\/www.mygreenexport.com\/es\/#website\"},\"datePublished\":\"2019-07-31T08:06:17+00:00\",\"dateModified\":\"2019-08-27T08:30:46+00:00\",\"breadcrumb\":{\"@id\":\"https:\/\/www.mygreenexport.com\/es\/salvia-farinacea-victoria\/#breadcrumb\"},\"inLanguage\":\"es\",\"potentialAction\":[{\"@type\":\"ReadAction\",\"target\":[\"https:\/\/www.mygreenexport.com\/es\/salvia-farinacea-victoria\/\"]}]},{\"@type\":\"BreadcrumbList\",\"@id\":\"https:\/\/www.mygreenexport.com\/es\/salvia-farinacea-victoria\/#breadcrumb\",\"itemListElement\":[{\"@type\":\"ListItem\",\"position\":1,\"name\":\"Home\",\"item\":\"https:\/\/www.mygreenexport.com\/es\/\"},{\"@type\":\"ListItem\",\"position\":2,\"name\":\"SALVIA FARINACEA &#8216;Victoria&#8217;\"}]},{\"@type\":\"WebSite\",\"@id\":\"https:\/\/www.mygreenexport.com\/es\/#website\",\"url\":\"https:\/\/www.mygreenexport.com\/es\/\",\"name\":\"Green Export Italy - Plants, Trees and more\",\"description\":\"Export of Plants, Flowers and Trees in the world\",\"publisher\":{\"@id\":\"https:\/\/www.mygreenexport.com\/es\/#organization\"},\"potentialAction\":[{\"@type\":\"SearchAction\",\"target\":{\"@type\":\"EntryPoint\",\"urlTemplate\":\"https:\/\/www.mygreenexport.com\/es\/?s={search_term_string}\"},\"query-input\":\"required name=search_term_string\"}],\"inLanguage\":\"es\"},{\"@type\":\"Organization\",\"@id\":\"https:\/\/www.mygreenexport.com\/es\/#organization\",\"name\":\"Green Export di Barbara Belvito\",\"url\":\"https:\/\/www.mygreenexport.com\/es\/\",\"logo\":{\"@type\":\"ImageObject\",\"inLanguage\":\"es\",\"@id\":\"https:\/\/www.mygreenexport.com\/es\/#\/schema\/logo\/image\/\",\"url\":\"https:\/\/www.mygreenexport.com\/wp-content\/uploads\/2019\/05\/logo-greenexport-barbara-belvito-completo-orizzontale_2.png\",\"contentUrl\":\"https:\/\/www.mygreenexport.com\/wp-content\/uploads\/2019\/05\/logo-greenexport-barbara-belvito-completo-orizzontale_2.png\",\"width\":1250,\"height\":280,\"caption\":\"Green Export di Barbara Belvito\"},\"image\":{\"@id\":\"https:\/\/www.mygreenexport.com\/es\/#\/schema\/logo\/image\/\"},\"sameAs\":[\"https:\/\/www.facebook.com\/greenexport.barbarabelvito\/\",\"https:\/\/www.instagram.com\/barbarab_greenexport\"]},{\"@type\":\"Person\",\"@id\":\"https:\/\/www.mygreenexport.com\/es\/#\/schema\/person\/e95703e85e1e1ebbe0d84ba55d1fc78e\",\"name\":\"Barbara Belvito\",\"image\":{\"@type\":\"ImageObject\",\"inLanguage\":\"es\",\"@id\":\"https:\/\/www.mygreenexport.com\/es\/#\/schema\/person\/image\/\",\"url\":\"https:\/\/secure.gravatar.com\/avatar\/c6764597e16078ab1b9469e06410d784?s=96&d=mm&r=g\",\"contentUrl\":\"https:\/\/secure.gravatar.com\/avatar\/c6764597e16078ab1b9469e06410d784?s=96&d=mm&r=g\",\"caption\":\"Barbara Belvito\"}}]}<\/script>\n<!-- \/ Yoast SEO plugin. -->","yoast_head_json":{"title":"SALVIA FARINACEA 'Victoria' | Green Export Italy - Plants, Trees and more","robots":{"index":"index","follow":"follow","max-snippet":"max-snippet:-1","max-image-preview":"max-image-preview:large","max-video-preview":"max-video-preview:-1"},"canonical":"https:\/\/www.mygreenexport.com\/es\/salvia-farinacea-victoria\/","og_locale":"es_ES","og_type":"article","og_title":"SALVIA FARINACEA 'Victoria' | Green Export Italy - Plants, Trees and more","og_description":"Salvia farinacea &#8216;Victoria&#8217; es una herb\u00e1cea herb\u00e1cea perenne de M\u00e9xico. La planta puede alcanzar los 45 cm de altura con sus maravillosas flores profundas de color violeta-azul, abundantemente producidas desde la primavera...","og_url":"https:\/\/www.mygreenexport.com\/es\/salvia-farinacea-victoria\/","og_site_name":"Green Export Italy - Plants, Trees and more","article_publisher":"https:\/\/www.facebook.com\/greenexport.barbarabelvito\/","article_published_time":"2019-07-31T08:06:17+00:00","article_modified_time":"2019-08-27T08:30:46+00:00","og_image":[{"width":756,"height":1008,"url":"https:\/\/www.mygreenexport.com\/wp-content\/uploads\/2019\/07\/salvia-farinacea-vistoria-16.jpg","type":"image\/jpeg"}],"author":"Barbara Belvito","twitter_card":"summary_large_image","twitter_misc":{"Escrito por":"Barbara Belvito"},"schema":{"@context":"https:\/\/schema.org","@graph":[{"@type":"Article","@id":"https:\/\/www.mygreenexport.com\/es\/salvia-farinacea-victoria\/#article","isPartOf":{"@id":"https:\/\/www.mygreenexport.com\/es\/salvia-farinacea-victoria\/"},"author":{"name":"Barbara Belvito","@id":"https:\/\/www.mygreenexport.com\/es\/#\/schema\/person\/e95703e85e1e1ebbe0d84ba55d1fc78e"},"headline":"SALVIA FARINACEA &#8216;Victoria&#8217;","datePublished":"2019-07-31T08:06:17+00:00","dateModified":"2019-08-27T08:30:46+00:00","mainEntityOfPage":{"@id":"https:\/\/www.mygreenexport.com\/es\/salvia-farinacea-victoria\/"},"wordCount":90,"commentCount":0,"publisher":{"@id":"https:\/\/www.mygreenexport.com\/es\/#organization"},"keywords":["exportar","Plantas","SALVIA FARINACEA","vida verde"],"articleSection":["Nuevo producto","Plantas en macetas"],"inLanguage":"es","potentialAction":[{"@type":"CommentAction","name":"Comment","target":["https:\/\/www.mygreenexport.com\/es\/salvia-farinacea-victoria\/#respond"]}]},{"@type":"WebPage","@id":"https:\/\/www.mygreenexport.com\/es\/salvia-farinacea-victoria\/","url":"https:\/\/www.mygreenexport.com\/es\/salvia-farinacea-victoria\/","name":"SALVIA FARINACEA 'Victoria' | Green Export Italy - Plants, Trees and more","isPartOf":{"@id":"https:\/\/www.mygreenexport.com\/es\/#website"},"datePublished":"2019-07-31T08:06:17+00:00","dateModified":"2019-08-27T08:30:46+00:00","breadcrumb":{"@id":"https:\/\/www.mygreenexport.com\/es\/salvia-farinacea-victoria\/#breadcrumb"},"inLanguage":"es","potentialAction":[{"@type":"ReadAction","target":["https:\/\/www.mygreenexport.com\/es\/salvia-farinacea-victoria\/"]}]},{"@type":"BreadcrumbList","@id":"https:\/\/www.mygreenexport.com\/es\/salvia-farinacea-victoria\/#breadcrumb","itemListElement":[{"@type":"ListItem","position":1,"name":"Home","item":"https:\/\/www.mygreenexport.com\/es\/"},{"@type":"ListItem","position":2,"name":"SALVIA FARINACEA &#8216;Victoria&#8217;"}]},{"@type":"WebSite","@id":"https:\/\/www.mygreenexport.com\/es\/#website","url":"https:\/\/www.mygreenexport.com\/es\/","name":"Green Export Italy - Plants, Trees and more","description":"Export of Plants, Flowers and Trees in the world","publisher":{"@id":"https:\/\/www.mygreenexport.com\/es\/#organization"},"potentialAction":[{"@type":"SearchAction","target":{"@type":"EntryPoint","urlTemplate":"https:\/\/www.mygreenexport.com\/es\/?s={search_term_string}"},"query-input":"required name=search_term_string"}],"inLanguage":"es"},{"@type":"Organization","@id":"https:\/\/www.mygreenexport.com\/es\/#organization","name":"Green Export di Barbara Belvito","url":"https:\/\/www.mygreenexport.com\/es\/","logo":{"@type":"ImageObject","inLanguage":"es","@id":"https:\/\/www.mygreenexport.com\/es\/#\/schema\/logo\/image\/","url":"https:\/\/www.mygreenexport.com\/wp-content\/uploads\/2019\/05\/logo-greenexport-barbara-belvito-completo-orizzontale_2.png","contentUrl":"https:\/\/www.mygreenexport.com\/wp-content\/uploads\/2019\/05\/logo-greenexport-barbara-belvito-completo-orizzontale_2.png","width":1250,"height":280,"caption":"Green Export di Barbara Belvito"},"image":{"@id":"https:\/\/www.mygreenexport.com\/es\/#\/schema\/logo\/image\/"},"sameAs":["https:\/\/www.facebook.com\/greenexport.barbarabelvito\/","https:\/\/www.instagram.com\/barbarab_greenexport"]},{"@type":"Person","@id":"https:\/\/www.mygreenexport.com\/es\/#\/schema\/person\/e95703e85e1e1ebbe0d84ba55d1fc78e","name":"Barbara Belvito","image":{"@type":"ImageObject","inLanguage":"es","@id":"https:\/\/www.mygreenexport.com\/es\/#\/schema\/person\/image\/","url":"https:\/\/secure.gravatar.com\/avatar\/c6764597e16078ab1b9469e06410d784?s=96&d=mm&r=g","contentUrl":"https:\/\/secure.gravatar.com\/avatar\/c6764597e16078ab1b9469e06410d784?s=96&d=mm&r=g","caption":"Barbara Belvito"}}]}},"_links":{"self":[{"href":"https:\/\/www.mygreenexport.com\/es\/wp-json\/wp\/v2\/posts\/2549"}],"collection":[{"href":"https:\/\/www.mygreenexport.com\/es\/wp-json\/wp\/v2\/posts"}],"about":[{"href":"https:\/\/www.mygreenexport.com\/es\/wp-json\/wp\/v2\/types\/post"}],"author":[{"embeddable":true,"href":"https:\/\/www.mygreenexport.com\/es\/wp-json\/wp\/v2\/users\/2"}],"replies":[{"embeddable":true,"href":"https:\/\/www.mygreenexport.com\/es\/wp-json\/wp\/v2\/comments?post=2549"}],"version-history":[{"count":3,"href":"https:\/\/www.mygreenexport.com\/es\/wp-json\/wp\/v2\/posts\/2549\/revisions"}],"predecessor-version":[{"id":2587,"href":"https:\/\/www.mygreenexport.com\/es\/wp-json\/wp\/v2\/posts\/2549\/revisions\/2587"}],"wp:featuredmedia":[{"embeddable":true,"href":"https:\/\/www.mygreenexport.com\/es\/wp-json\/wp\/v2\/media\/2551"}],"wp:attachment":[{"href":"https:\/\/www.mygreenexport.com\/es\/wp-json\/wp\/v2\/media?parent=2549"}],"wp:term":[{"taxonomy":"category","embeddable":true,"href":"https:\/\/www.mygreenexport.com\/es\/wp-json\/wp\/v2\/categories?post=2549"},{"taxonomy":"post_tag","embeddable":true,"href":"https:\/\/www.mygreenexport.com\/es\/wp-json\/wp\/v2\/tags?post=2549"}],"curies":[{"name":"wp","href":"https:\/\/api.w.org\/{rel}","templated":true}]}}