{"id":2613,"date":"2019-09-19T07:33:58","date_gmt":"2019-09-19T06:33:58","guid":{"rendered":"https:\/\/www.mygreenexport.com\/?p=2613"},"modified":"2019-09-19T07:43:08","modified_gmt":"2019-09-19T06:43:08","slug":"osmanthus-heterophyllus","status":"publish","type":"post","link":"https:\/\/www.mygreenexport.com\/es\/osmanthus-heterophyllus\/","title":{"rendered":"Osmanthus Heterophyllus"},"content":{"rendered":"<p><strong>Osmanthus Heterphyllus,<\/strong> es una planta siempre verde nativa de Jap\u00f3n. Es muy apreciado como arbusto, pero se puede utilizar incluso como un \u00e1rbol peque\u00f1o.<\/p>\n<p>Las hermosas caracter\u00edsticas de esta planta son las hojas y las flores: las hojas son opuestas y dentadas, de color verde oscuro por encima y de color amarillo p\u00e1lido por debajo. Las flores son amarillas o blancas a menudo escondidas en el follaje, muy peque\u00f1as pero muy fragrante al mismo tiempo. A veces son seguidos por peque\u00f1as frutas oscuras como bayas. La planta florece en oto\u00f1o e invierno.<\/p>\n<p>Osmanthus heterophyllus resiste a temperaturas fr\u00edas de hasta -20oC. Prefiere la posici\u00f3n de sol completo \/ sombra parcial y un suelo bien drenado. La planta no necesita mantenimiento espec\u00edfico ni una poda regular. Por lo general, est\u00e1 libre de enfermedades.<\/p>\n<p>Propagaci\u00f3n por corte.<\/p>\n","protected":false},"excerpt":{"rendered":"<p>Osmanthus Heterphyllus, es una planta siempre verde nativa de Jap\u00f3n. Es muy apreciado como arbusto, pero se puede utilizar incluso como un \u00e1rbol peque\u00f1o. Las hermosas caracter\u00edsticas de esta planta son las&#8230;<\/p>\n","protected":false},"author":2,"featured_media":2615,"comment_status":"open","ping_status":"open","sticky":false,"template":"","format":"image","meta":{"footnotes":""},"categories":[72,98],"tags":[75,100,73],"yoast_head":"<!-- This site is optimized with the Yoast SEO plugin v22.0 - https:\/\/yoast.com\/wordpress\/plugins\/seo\/ -->\n<title>Osmanthus Heterophyllus | Green Export Italy - Plants, Trees and more<\/title>\n<meta name=\"robots\" content=\"index, follow, max-snippet:-1, max-image-preview:large, max-video-preview:-1\" \/>\n<link rel=\"canonical\" href=\"https:\/\/www.mygreenexport.com\/es\/osmanthus-heterophyllus\/\" \/>\n<meta property=\"og:locale\" content=\"es_ES\" \/>\n<meta property=\"og:type\" content=\"article\" \/>\n<meta property=\"og:title\" content=\"Osmanthus Heterophyllus | Green Export Italy - Plants, Trees and more\" \/>\n<meta property=\"og:description\" content=\"Osmanthus Heterphyllus, es una planta siempre verde nativa de Jap\u00f3n. Es muy apreciado como arbusto, pero se puede utilizar incluso como un \u00e1rbol peque\u00f1o. Las hermosas caracter\u00edsticas de esta planta son las...\" \/>\n<meta property=\"og:url\" content=\"https:\/\/www.mygreenexport.com\/es\/osmanthus-heterophyllus\/\" \/>\n<meta property=\"og:site_name\" content=\"Green Export Italy - Plants, Trees and more\" \/>\n<meta property=\"article:publisher\" content=\"https:\/\/www.facebook.com\/greenexport.barbarabelvito\/\" \/>\n<meta property=\"article:published_time\" content=\"2019-09-19T06:33:58+00:00\" \/>\n<meta property=\"article:modified_time\" content=\"2019-09-19T06:43:08+00:00\" \/>\n<meta property=\"og:image\" content=\"https:\/\/www.mygreenexport.com\/wp-content\/uploads\/2019\/09\/osmanthhus-herepophyllus-7x7.jpg\" \/>\n\t<meta property=\"og:image:width\" content=\"978\" \/>\n\t<meta property=\"og:image:height\" content=\"1600\" \/>\n\t<meta property=\"og:image:type\" content=\"image\/jpeg\" \/>\n<meta name=\"author\" content=\"Barbara Belvito\" \/>\n<meta name=\"twitter:card\" content=\"summary_large_image\" \/>\n<meta name=\"twitter:label1\" content=\"Escrito por\" \/>\n\t<meta name=\"twitter:data1\" content=\"Barbara Belvito\" \/>\n\t<meta name=\"twitter:label2\" content=\"Tiempo de lectura\" \/>\n\t<meta name=\"twitter:data2\" content=\"1 minuto\" \/>\n<script type=\"application\/ld+json\" class=\"yoast-schema-graph\">{\"@context\":\"https:\/\/schema.org\",\"@graph\":[{\"@type\":\"Article\",\"@id\":\"https:\/\/www.mygreenexport.com\/es\/osmanthus-heterophyllus\/#article\",\"isPartOf\":{\"@id\":\"https:\/\/www.mygreenexport.com\/es\/osmanthus-heterophyllus\/\"},\"author\":{\"name\":\"Barbara Belvito\",\"@id\":\"https:\/\/www.mygreenexport.com\/es\/#\/schema\/person\/e95703e85e1e1ebbe0d84ba55d1fc78e\"},\"headline\":\"Osmanthus Heterophyllus\",\"datePublished\":\"2019-09-19T06:33:58+00:00\",\"dateModified\":\"2019-09-19T06:43:08+00:00\",\"mainEntityOfPage\":{\"@id\":\"https:\/\/www.mygreenexport.com\/es\/osmanthus-heterophyllus\/\"},\"wordCount\":148,\"commentCount\":0,\"publisher\":{\"@id\":\"https:\/\/www.mygreenexport.com\/es\/#organization\"},\"keywords\":[\"exportar\",\"SALVIA FARINACEA\",\"vida verde\"],\"articleSection\":[\"Nuevo producto\",\"Plantas j\u00f3venes\"],\"inLanguage\":\"es\",\"potentialAction\":[{\"@type\":\"CommentAction\",\"name\":\"Comment\",\"target\":[\"https:\/\/www.mygreenexport.com\/es\/osmanthus-heterophyllus\/#respond\"]}]},{\"@type\":\"WebPage\",\"@id\":\"https:\/\/www.mygreenexport.com\/es\/osmanthus-heterophyllus\/\",\"url\":\"https:\/\/www.mygreenexport.com\/es\/osmanthus-heterophyllus\/\",\"name\":\"Osmanthus Heterophyllus | Green Export Italy - Plants, Trees and more\",\"isPartOf\":{\"@id\":\"https:\/\/www.mygreenexport.com\/es\/#website\"},\"datePublished\":\"2019-09-19T06:33:58+00:00\",\"dateModified\":\"2019-09-19T06:43:08+00:00\",\"breadcrumb\":{\"@id\":\"https:\/\/www.mygreenexport.com\/es\/osmanthus-heterophyllus\/#breadcrumb\"},\"inLanguage\":\"es\",\"potentialAction\":[{\"@type\":\"ReadAction\",\"target\":[\"https:\/\/www.mygreenexport.com\/es\/osmanthus-heterophyllus\/\"]}]},{\"@type\":\"BreadcrumbList\",\"@id\":\"https:\/\/www.mygreenexport.com\/es\/osmanthus-heterophyllus\/#breadcrumb\",\"itemListElement\":[{\"@type\":\"ListItem\",\"position\":1,\"name\":\"Home\",\"item\":\"https:\/\/www.mygreenexport.com\/es\/\"},{\"@type\":\"ListItem\",\"position\":2,\"name\":\"Osmanthus Heterophyllus\"}]},{\"@type\":\"WebSite\",\"@id\":\"https:\/\/www.mygreenexport.com\/es\/#website\",\"url\":\"https:\/\/www.mygreenexport.com\/es\/\",\"name\":\"Green Export Italy - Plants, Trees and more\",\"description\":\"Export of Plants, Flowers and Trees in the world\",\"publisher\":{\"@id\":\"https:\/\/www.mygreenexport.com\/es\/#organization\"},\"potentialAction\":[{\"@type\":\"SearchAction\",\"target\":{\"@type\":\"EntryPoint\",\"urlTemplate\":\"https:\/\/www.mygreenexport.com\/es\/?s={search_term_string}\"},\"query-input\":\"required name=search_term_string\"}],\"inLanguage\":\"es\"},{\"@type\":\"Organization\",\"@id\":\"https:\/\/www.mygreenexport.com\/es\/#organization\",\"name\":\"Green Export di Barbara Belvito\",\"url\":\"https:\/\/www.mygreenexport.com\/es\/\",\"logo\":{\"@type\":\"ImageObject\",\"inLanguage\":\"es\",\"@id\":\"https:\/\/www.mygreenexport.com\/es\/#\/schema\/logo\/image\/\",\"url\":\"https:\/\/www.mygreenexport.com\/wp-content\/uploads\/2019\/05\/logo-greenexport-barbara-belvito-completo-orizzontale_2.png\",\"contentUrl\":\"https:\/\/www.mygreenexport.com\/wp-content\/uploads\/2019\/05\/logo-greenexport-barbara-belvito-completo-orizzontale_2.png\",\"width\":1250,\"height\":280,\"caption\":\"Green Export di Barbara Belvito\"},\"image\":{\"@id\":\"https:\/\/www.mygreenexport.com\/es\/#\/schema\/logo\/image\/\"},\"sameAs\":[\"https:\/\/www.facebook.com\/greenexport.barbarabelvito\/\",\"https:\/\/www.instagram.com\/barbarab_greenexport\"]},{\"@type\":\"Person\",\"@id\":\"https:\/\/www.mygreenexport.com\/es\/#\/schema\/person\/e95703e85e1e1ebbe0d84ba55d1fc78e\",\"name\":\"Barbara Belvito\",\"image\":{\"@type\":\"ImageObject\",\"inLanguage\":\"es\",\"@id\":\"https:\/\/www.mygreenexport.com\/es\/#\/schema\/person\/image\/\",\"url\":\"https:\/\/secure.gravatar.com\/avatar\/c6764597e16078ab1b9469e06410d784?s=96&d=mm&r=g\",\"contentUrl\":\"https:\/\/secure.gravatar.com\/avatar\/c6764597e16078ab1b9469e06410d784?s=96&d=mm&r=g\",\"caption\":\"Barbara Belvito\"}}]}<\/script>\n<!-- \/ Yoast SEO plugin. -->","yoast_head_json":{"title":"Osmanthus Heterophyllus | Green Export Italy - Plants, Trees and more","robots":{"index":"index","follow":"follow","max-snippet":"max-snippet:-1","max-image-preview":"max-image-preview:large","max-video-preview":"max-video-preview:-1"},"canonical":"https:\/\/www.mygreenexport.com\/es\/osmanthus-heterophyllus\/","og_locale":"es_ES","og_type":"article","og_title":"Osmanthus Heterophyllus | Green Export Italy - Plants, Trees and more","og_description":"Osmanthus Heterphyllus, es una planta siempre verde nativa de Jap\u00f3n. Es muy apreciado como arbusto, pero se puede utilizar incluso como un \u00e1rbol peque\u00f1o. Las hermosas caracter\u00edsticas de esta planta son las...","og_url":"https:\/\/www.mygreenexport.com\/es\/osmanthus-heterophyllus\/","og_site_name":"Green Export Italy - Plants, Trees and more","article_publisher":"https:\/\/www.facebook.com\/greenexport.barbarabelvito\/","article_published_time":"2019-09-19T06:33:58+00:00","article_modified_time":"2019-09-19T06:43:08+00:00","og_image":[{"width":978,"height":1600,"url":"https:\/\/www.mygreenexport.com\/wp-content\/uploads\/2019\/09\/osmanthhus-herepophyllus-7x7.jpg","type":"image\/jpeg"}],"author":"Barbara Belvito","twitter_card":"summary_large_image","twitter_misc":{"Escrito por":"Barbara Belvito","Tiempo de lectura":"1 minuto"},"schema":{"@context":"https:\/\/schema.org","@graph":[{"@type":"Article","@id":"https:\/\/www.mygreenexport.com\/es\/osmanthus-heterophyllus\/#article","isPartOf":{"@id":"https:\/\/www.mygreenexport.com\/es\/osmanthus-heterophyllus\/"},"author":{"name":"Barbara Belvito","@id":"https:\/\/www.mygreenexport.com\/es\/#\/schema\/person\/e95703e85e1e1ebbe0d84ba55d1fc78e"},"headline":"Osmanthus Heterophyllus","datePublished":"2019-09-19T06:33:58+00:00","dateModified":"2019-09-19T06:43:08+00:00","mainEntityOfPage":{"@id":"https:\/\/www.mygreenexport.com\/es\/osmanthus-heterophyllus\/"},"wordCount":148,"commentCount":0,"publisher":{"@id":"https:\/\/www.mygreenexport.com\/es\/#organization"},"keywords":["exportar","SALVIA FARINACEA","vida verde"],"articleSection":["Nuevo producto","Plantas j\u00f3venes"],"inLanguage":"es","potentialAction":[{"@type":"CommentAction","name":"Comment","target":["https:\/\/www.mygreenexport.com\/es\/osmanthus-heterophyllus\/#respond"]}]},{"@type":"WebPage","@id":"https:\/\/www.mygreenexport.com\/es\/osmanthus-heterophyllus\/","url":"https:\/\/www.mygreenexport.com\/es\/osmanthus-heterophyllus\/","name":"Osmanthus Heterophyllus | Green Export Italy - Plants, Trees and more","isPartOf":{"@id":"https:\/\/www.mygreenexport.com\/es\/#website"},"datePublished":"2019-09-19T06:33:58+00:00","dateModified":"2019-09-19T06:43:08+00:00","breadcrumb":{"@id":"https:\/\/www.mygreenexport.com\/es\/osmanthus-heterophyllus\/#breadcrumb"},"inLanguage":"es","potentialAction":[{"@type":"ReadAction","target":["https:\/\/www.mygreenexport.com\/es\/osmanthus-heterophyllus\/"]}]},{"@type":"BreadcrumbList","@id":"https:\/\/www.mygreenexport.com\/es\/osmanthus-heterophyllus\/#breadcrumb","itemListElement":[{"@type":"ListItem","position":1,"name":"Home","item":"https:\/\/www.mygreenexport.com\/es\/"},{"@type":"ListItem","position":2,"name":"Osmanthus Heterophyllus"}]},{"@type":"WebSite","@id":"https:\/\/www.mygreenexport.com\/es\/#website","url":"https:\/\/www.mygreenexport.com\/es\/","name":"Green Export Italy - Plants, Trees and more","description":"Export of Plants, Flowers and Trees in the world","publisher":{"@id":"https:\/\/www.mygreenexport.com\/es\/#organization"},"potentialAction":[{"@type":"SearchAction","target":{"@type":"EntryPoint","urlTemplate":"https:\/\/www.mygreenexport.com\/es\/?s={search_term_string}"},"query-input":"required name=search_term_string"}],"inLanguage":"es"},{"@type":"Organization","@id":"https:\/\/www.mygreenexport.com\/es\/#organization","name":"Green Export di Barbara Belvito","url":"https:\/\/www.mygreenexport.com\/es\/","logo":{"@type":"ImageObject","inLanguage":"es","@id":"https:\/\/www.mygreenexport.com\/es\/#\/schema\/logo\/image\/","url":"https:\/\/www.mygreenexport.com\/wp-content\/uploads\/2019\/05\/logo-greenexport-barbara-belvito-completo-orizzontale_2.png","contentUrl":"https:\/\/www.mygreenexport.com\/wp-content\/uploads\/2019\/05\/logo-greenexport-barbara-belvito-completo-orizzontale_2.png","width":1250,"height":280,"caption":"Green Export di Barbara Belvito"},"image":{"@id":"https:\/\/www.mygreenexport.com\/es\/#\/schema\/logo\/image\/"},"sameAs":["https:\/\/www.facebook.com\/greenexport.barbarabelvito\/","https:\/\/www.instagram.com\/barbarab_greenexport"]},{"@type":"Person","@id":"https:\/\/www.mygreenexport.com\/es\/#\/schema\/person\/e95703e85e1e1ebbe0d84ba55d1fc78e","name":"Barbara Belvito","image":{"@type":"ImageObject","inLanguage":"es","@id":"https:\/\/www.mygreenexport.com\/es\/#\/schema\/person\/image\/","url":"https:\/\/secure.gravatar.com\/avatar\/c6764597e16078ab1b9469e06410d784?s=96&d=mm&r=g","contentUrl":"https:\/\/secure.gravatar.com\/avatar\/c6764597e16078ab1b9469e06410d784?s=96&d=mm&r=g","caption":"Barbara Belvito"}}]}},"_links":{"self":[{"href":"https:\/\/www.mygreenexport.com\/es\/wp-json\/wp\/v2\/posts\/2613"}],"collection":[{"href":"https:\/\/www.mygreenexport.com\/es\/wp-json\/wp\/v2\/posts"}],"about":[{"href":"https:\/\/www.mygreenexport.com\/es\/wp-json\/wp\/v2\/types\/post"}],"author":[{"embeddable":true,"href":"https:\/\/www.mygreenexport.com\/es\/wp-json\/wp\/v2\/users\/2"}],"replies":[{"embeddable":true,"href":"https:\/\/www.mygreenexport.com\/es\/wp-json\/wp\/v2\/comments?post=2613"}],"version-history":[{"count":1,"href":"https:\/\/www.mygreenexport.com\/es\/wp-json\/wp\/v2\/posts\/2613\/revisions"}],"predecessor-version":[{"id":2618,"href":"https:\/\/www.mygreenexport.com\/es\/wp-json\/wp\/v2\/posts\/2613\/revisions\/2618"}],"wp:featuredmedia":[{"embeddable":true,"href":"https:\/\/www.mygreenexport.com\/es\/wp-json\/wp\/v2\/media\/2615"}],"wp:attachment":[{"href":"https:\/\/www.mygreenexport.com\/es\/wp-json\/wp\/v2\/media?parent=2613"}],"wp:term":[{"taxonomy":"category","embeddable":true,"href":"https:\/\/www.mygreenexport.com\/es\/wp-json\/wp\/v2\/categories?post=2613"},{"taxonomy":"post_tag","embeddable":true,"href":"https:\/\/www.mygreenexport.com\/es\/wp-json\/wp\/v2\/tags?post=2613"}],"curies":[{"name":"wp","href":"https:\/\/api.w.org\/{rel}","templated":true}]}}