{"id":2727,"date":"2020-03-31T11:07:57","date_gmt":"2020-03-31T10:07:57","guid":{"rendered":"https:\/\/www.mygreenexport.com\/?p=2727"},"modified":"2020-03-31T11:07:57","modified_gmt":"2020-03-31T10:07:57","slug":"primavera-2020","status":"publish","type":"post","link":"https:\/\/www.mygreenexport.com\/es\/primavera-2020\/","title":{"rendered":"Primavera 2020"},"content":{"rendered":"<p><b>La primavera<\/b> suele ser uno de los mejores per\u00edodos del a\u00f1o para nosotros: mucho trabajo, ofertas, plantas para cargar, fotos para enviar a los clientes, email para responder, campos para controlar, etc. \u00a1Es uno de los per\u00edodos m\u00e1s estresantes, pero incluso es la parte del a\u00f1o en que nos sentimos m\u00e1s vivos y fuertes!<\/p>\n<p>Pero esta primavera de 2020 es diferente, un monstruo llamado Covid-19 se ha llevado nuestra vida diaria, nuestro trabajo, nuestra positividad. No podemos hacer las cosas simples que solemos hacer como salir por la ma\u00f1ana o dar un paseo despu\u00e9s del trabajo.<\/p>\n<p>Es uno de los peores momentos que estamos viviendo.<\/p>\n<p>El lado positivo es que podemos ver que la primavera est\u00e1 siguiendo adelante, las plantas est\u00e1n floreciendo y entendemos que la naturaleza no se puede detener.<\/p>\n<p>Por esa raz\u00f3n, Green Export trata de resistir y seguir el trabajo regular como todos los d\u00edas porque \u00a1mejores d\u00edas est\u00e1n a la vuelta de la esquina!<\/p>\n<p>\u00a1Tenemos que sonre\u00edr y #lethopebloom!<\/p>\n","protected":false},"excerpt":{"rendered":"<p>La primavera suele ser uno de los mejores per\u00edodos del a\u00f1o para nosotros: mucho trabajo, ofertas, plantas para cargar, fotos para enviar a los clientes, email para responder, campos para controlar, etc&#8230;.<\/p>\n","protected":false},"author":2,"featured_media":2729,"comment_status":"open","ping_status":"open","sticky":false,"template":"","format":"image","meta":{"footnotes":""},"categories":[86,72,83,98],"tags":[75,76,100,73],"yoast_head":"<!-- This site is optimized with the Yoast SEO plugin v22.0 - https:\/\/yoast.com\/wordpress\/plugins\/seo\/ -->\n<title>Primavera 2020 | Green Export Italy - Plants, Trees and more<\/title>\n<meta name=\"robots\" content=\"index, follow, max-snippet:-1, max-image-preview:large, max-video-preview:-1\" \/>\n<link rel=\"canonical\" href=\"https:\/\/www.mygreenexport.com\/es\/primavera-2020\/\" \/>\n<meta property=\"og:locale\" content=\"es_ES\" \/>\n<meta property=\"og:type\" content=\"article\" \/>\n<meta property=\"og:title\" content=\"Primavera 2020 | Green Export Italy - Plants, Trees and more\" \/>\n<meta property=\"og:description\" content=\"La primavera suele ser uno de los mejores per\u00edodos del a\u00f1o para nosotros: mucho trabajo, ofertas, plantas para cargar, fotos para enviar a los clientes, email para responder, campos para controlar, etc....\" \/>\n<meta property=\"og:url\" content=\"https:\/\/www.mygreenexport.com\/es\/primavera-2020\/\" \/>\n<meta property=\"og:site_name\" content=\"Green Export Italy - Plants, Trees and more\" \/>\n<meta property=\"article:publisher\" content=\"https:\/\/www.facebook.com\/greenexport.barbarabelvito\/\" \/>\n<meta property=\"article:published_time\" content=\"2020-03-31T10:07:57+00:00\" \/>\n<meta property=\"og:image\" content=\"https:\/\/www.mygreenexport.com\/wp-content\/uploads\/2020\/03\/io.jpg\" \/>\n\t<meta property=\"og:image:width\" content=\"960\" \/>\n\t<meta property=\"og:image:height\" content=\"720\" \/>\n\t<meta property=\"og:image:type\" content=\"image\/jpeg\" \/>\n<meta name=\"author\" content=\"Barbara Belvito\" \/>\n<meta name=\"twitter:card\" content=\"summary_large_image\" \/>\n<meta name=\"twitter:label1\" content=\"Escrito por\" \/>\n\t<meta name=\"twitter:data1\" content=\"Barbara Belvito\" \/>\n\t<meta name=\"twitter:label2\" content=\"Tiempo de lectura\" \/>\n\t<meta name=\"twitter:data2\" content=\"1 minuto\" \/>\n<script type=\"application\/ld+json\" class=\"yoast-schema-graph\">{\"@context\":\"https:\/\/schema.org\",\"@graph\":[{\"@type\":\"Article\",\"@id\":\"https:\/\/www.mygreenexport.com\/es\/primavera-2020\/#article\",\"isPartOf\":{\"@id\":\"https:\/\/www.mygreenexport.com\/es\/primavera-2020\/\"},\"author\":{\"name\":\"Barbara Belvito\",\"@id\":\"https:\/\/www.mygreenexport.com\/es\/#\/schema\/person\/e95703e85e1e1ebbe0d84ba55d1fc78e\"},\"headline\":\"Primavera 2020\",\"datePublished\":\"2020-03-31T10:07:57+00:00\",\"dateModified\":\"2020-03-31T10:07:57+00:00\",\"mainEntityOfPage\":{\"@id\":\"https:\/\/www.mygreenexport.com\/es\/primavera-2020\/\"},\"wordCount\":177,\"commentCount\":0,\"publisher\":{\"@id\":\"https:\/\/www.mygreenexport.com\/es\/#organization\"},\"keywords\":[\"exportar\",\"Plantas\",\"SALVIA FARINACEA\",\"vida verde\"],\"articleSection\":[\"Macetas\",\"Nuevo producto\",\"Plantas en macetas\",\"Plantas j\u00f3venes\"],\"inLanguage\":\"es\",\"potentialAction\":[{\"@type\":\"CommentAction\",\"name\":\"Comment\",\"target\":[\"https:\/\/www.mygreenexport.com\/es\/primavera-2020\/#respond\"]}]},{\"@type\":\"WebPage\",\"@id\":\"https:\/\/www.mygreenexport.com\/es\/primavera-2020\/\",\"url\":\"https:\/\/www.mygreenexport.com\/es\/primavera-2020\/\",\"name\":\"Primavera 2020 | Green Export Italy - Plants, Trees and more\",\"isPartOf\":{\"@id\":\"https:\/\/www.mygreenexport.com\/es\/#website\"},\"datePublished\":\"2020-03-31T10:07:57+00:00\",\"dateModified\":\"2020-03-31T10:07:57+00:00\",\"breadcrumb\":{\"@id\":\"https:\/\/www.mygreenexport.com\/es\/primavera-2020\/#breadcrumb\"},\"inLanguage\":\"es\",\"potentialAction\":[{\"@type\":\"ReadAction\",\"target\":[\"https:\/\/www.mygreenexport.com\/es\/primavera-2020\/\"]}]},{\"@type\":\"BreadcrumbList\",\"@id\":\"https:\/\/www.mygreenexport.com\/es\/primavera-2020\/#breadcrumb\",\"itemListElement\":[{\"@type\":\"ListItem\",\"position\":1,\"name\":\"Home\",\"item\":\"https:\/\/www.mygreenexport.com\/es\/\"},{\"@type\":\"ListItem\",\"position\":2,\"name\":\"Primavera 2020\"}]},{\"@type\":\"WebSite\",\"@id\":\"https:\/\/www.mygreenexport.com\/es\/#website\",\"url\":\"https:\/\/www.mygreenexport.com\/es\/\",\"name\":\"Green Export Italy - Plants, Trees and more\",\"description\":\"Export of Plants, Flowers and Trees in the world\",\"publisher\":{\"@id\":\"https:\/\/www.mygreenexport.com\/es\/#organization\"},\"potentialAction\":[{\"@type\":\"SearchAction\",\"target\":{\"@type\":\"EntryPoint\",\"urlTemplate\":\"https:\/\/www.mygreenexport.com\/es\/?s={search_term_string}\"},\"query-input\":\"required name=search_term_string\"}],\"inLanguage\":\"es\"},{\"@type\":\"Organization\",\"@id\":\"https:\/\/www.mygreenexport.com\/es\/#organization\",\"name\":\"Green Export di Barbara Belvito\",\"url\":\"https:\/\/www.mygreenexport.com\/es\/\",\"logo\":{\"@type\":\"ImageObject\",\"inLanguage\":\"es\",\"@id\":\"https:\/\/www.mygreenexport.com\/es\/#\/schema\/logo\/image\/\",\"url\":\"https:\/\/www.mygreenexport.com\/wp-content\/uploads\/2019\/05\/logo-greenexport-barbara-belvito-completo-orizzontale_2.png\",\"contentUrl\":\"https:\/\/www.mygreenexport.com\/wp-content\/uploads\/2019\/05\/logo-greenexport-barbara-belvito-completo-orizzontale_2.png\",\"width\":1250,\"height\":280,\"caption\":\"Green Export di Barbara Belvito\"},\"image\":{\"@id\":\"https:\/\/www.mygreenexport.com\/es\/#\/schema\/logo\/image\/\"},\"sameAs\":[\"https:\/\/www.facebook.com\/greenexport.barbarabelvito\/\",\"https:\/\/www.instagram.com\/barbarab_greenexport\"]},{\"@type\":\"Person\",\"@id\":\"https:\/\/www.mygreenexport.com\/es\/#\/schema\/person\/e95703e85e1e1ebbe0d84ba55d1fc78e\",\"name\":\"Barbara Belvito\",\"image\":{\"@type\":\"ImageObject\",\"inLanguage\":\"es\",\"@id\":\"https:\/\/www.mygreenexport.com\/es\/#\/schema\/person\/image\/\",\"url\":\"https:\/\/secure.gravatar.com\/avatar\/c6764597e16078ab1b9469e06410d784?s=96&d=mm&r=g\",\"contentUrl\":\"https:\/\/secure.gravatar.com\/avatar\/c6764597e16078ab1b9469e06410d784?s=96&d=mm&r=g\",\"caption\":\"Barbara Belvito\"}}]}<\/script>\n<!-- \/ Yoast SEO plugin. -->","yoast_head_json":{"title":"Primavera 2020 | Green Export Italy - Plants, Trees and more","robots":{"index":"index","follow":"follow","max-snippet":"max-snippet:-1","max-image-preview":"max-image-preview:large","max-video-preview":"max-video-preview:-1"},"canonical":"https:\/\/www.mygreenexport.com\/es\/primavera-2020\/","og_locale":"es_ES","og_type":"article","og_title":"Primavera 2020 | Green Export Italy - Plants, Trees and more","og_description":"La primavera suele ser uno de los mejores per\u00edodos del a\u00f1o para nosotros: mucho trabajo, ofertas, plantas para cargar, fotos para enviar a los clientes, email para responder, campos para controlar, etc....","og_url":"https:\/\/www.mygreenexport.com\/es\/primavera-2020\/","og_site_name":"Green Export Italy - Plants, Trees and more","article_publisher":"https:\/\/www.facebook.com\/greenexport.barbarabelvito\/","article_published_time":"2020-03-31T10:07:57+00:00","og_image":[{"width":960,"height":720,"url":"https:\/\/www.mygreenexport.com\/wp-content\/uploads\/2020\/03\/io.jpg","type":"image\/jpeg"}],"author":"Barbara Belvito","twitter_card":"summary_large_image","twitter_misc":{"Escrito por":"Barbara Belvito","Tiempo de lectura":"1 minuto"},"schema":{"@context":"https:\/\/schema.org","@graph":[{"@type":"Article","@id":"https:\/\/www.mygreenexport.com\/es\/primavera-2020\/#article","isPartOf":{"@id":"https:\/\/www.mygreenexport.com\/es\/primavera-2020\/"},"author":{"name":"Barbara Belvito","@id":"https:\/\/www.mygreenexport.com\/es\/#\/schema\/person\/e95703e85e1e1ebbe0d84ba55d1fc78e"},"headline":"Primavera 2020","datePublished":"2020-03-31T10:07:57+00:00","dateModified":"2020-03-31T10:07:57+00:00","mainEntityOfPage":{"@id":"https:\/\/www.mygreenexport.com\/es\/primavera-2020\/"},"wordCount":177,"commentCount":0,"publisher":{"@id":"https:\/\/www.mygreenexport.com\/es\/#organization"},"keywords":["exportar","Plantas","SALVIA FARINACEA","vida verde"],"articleSection":["Macetas","Nuevo producto","Plantas en macetas","Plantas j\u00f3venes"],"inLanguage":"es","potentialAction":[{"@type":"CommentAction","name":"Comment","target":["https:\/\/www.mygreenexport.com\/es\/primavera-2020\/#respond"]}]},{"@type":"WebPage","@id":"https:\/\/www.mygreenexport.com\/es\/primavera-2020\/","url":"https:\/\/www.mygreenexport.com\/es\/primavera-2020\/","name":"Primavera 2020 | Green Export Italy - Plants, Trees and more","isPartOf":{"@id":"https:\/\/www.mygreenexport.com\/es\/#website"},"datePublished":"2020-03-31T10:07:57+00:00","dateModified":"2020-03-31T10:07:57+00:00","breadcrumb":{"@id":"https:\/\/www.mygreenexport.com\/es\/primavera-2020\/#breadcrumb"},"inLanguage":"es","potentialAction":[{"@type":"ReadAction","target":["https:\/\/www.mygreenexport.com\/es\/primavera-2020\/"]}]},{"@type":"BreadcrumbList","@id":"https:\/\/www.mygreenexport.com\/es\/primavera-2020\/#breadcrumb","itemListElement":[{"@type":"ListItem","position":1,"name":"Home","item":"https:\/\/www.mygreenexport.com\/es\/"},{"@type":"ListItem","position":2,"name":"Primavera 2020"}]},{"@type":"WebSite","@id":"https:\/\/www.mygreenexport.com\/es\/#website","url":"https:\/\/www.mygreenexport.com\/es\/","name":"Green Export Italy - Plants, Trees and more","description":"Export of Plants, Flowers and Trees in the world","publisher":{"@id":"https:\/\/www.mygreenexport.com\/es\/#organization"},"potentialAction":[{"@type":"SearchAction","target":{"@type":"EntryPoint","urlTemplate":"https:\/\/www.mygreenexport.com\/es\/?s={search_term_string}"},"query-input":"required name=search_term_string"}],"inLanguage":"es"},{"@type":"Organization","@id":"https:\/\/www.mygreenexport.com\/es\/#organization","name":"Green Export di Barbara Belvito","url":"https:\/\/www.mygreenexport.com\/es\/","logo":{"@type":"ImageObject","inLanguage":"es","@id":"https:\/\/www.mygreenexport.com\/es\/#\/schema\/logo\/image\/","url":"https:\/\/www.mygreenexport.com\/wp-content\/uploads\/2019\/05\/logo-greenexport-barbara-belvito-completo-orizzontale_2.png","contentUrl":"https:\/\/www.mygreenexport.com\/wp-content\/uploads\/2019\/05\/logo-greenexport-barbara-belvito-completo-orizzontale_2.png","width":1250,"height":280,"caption":"Green Export di Barbara Belvito"},"image":{"@id":"https:\/\/www.mygreenexport.com\/es\/#\/schema\/logo\/image\/"},"sameAs":["https:\/\/www.facebook.com\/greenexport.barbarabelvito\/","https:\/\/www.instagram.com\/barbarab_greenexport"]},{"@type":"Person","@id":"https:\/\/www.mygreenexport.com\/es\/#\/schema\/person\/e95703e85e1e1ebbe0d84ba55d1fc78e","name":"Barbara Belvito","image":{"@type":"ImageObject","inLanguage":"es","@id":"https:\/\/www.mygreenexport.com\/es\/#\/schema\/person\/image\/","url":"https:\/\/secure.gravatar.com\/avatar\/c6764597e16078ab1b9469e06410d784?s=96&d=mm&r=g","contentUrl":"https:\/\/secure.gravatar.com\/avatar\/c6764597e16078ab1b9469e06410d784?s=96&d=mm&r=g","caption":"Barbara Belvito"}}]}},"_links":{"self":[{"href":"https:\/\/www.mygreenexport.com\/es\/wp-json\/wp\/v2\/posts\/2727"}],"collection":[{"href":"https:\/\/www.mygreenexport.com\/es\/wp-json\/wp\/v2\/posts"}],"about":[{"href":"https:\/\/www.mygreenexport.com\/es\/wp-json\/wp\/v2\/types\/post"}],"author":[{"embeddable":true,"href":"https:\/\/www.mygreenexport.com\/es\/wp-json\/wp\/v2\/users\/2"}],"replies":[{"embeddable":true,"href":"https:\/\/www.mygreenexport.com\/es\/wp-json\/wp\/v2\/comments?post=2727"}],"version-history":[{"count":1,"href":"https:\/\/www.mygreenexport.com\/es\/wp-json\/wp\/v2\/posts\/2727\/revisions"}],"predecessor-version":[{"id":2732,"href":"https:\/\/www.mygreenexport.com\/es\/wp-json\/wp\/v2\/posts\/2727\/revisions\/2732"}],"wp:featuredmedia":[{"embeddable":true,"href":"https:\/\/www.mygreenexport.com\/es\/wp-json\/wp\/v2\/media\/2729"}],"wp:attachment":[{"href":"https:\/\/www.mygreenexport.com\/es\/wp-json\/wp\/v2\/media?parent=2727"}],"wp:term":[{"taxonomy":"category","embeddable":true,"href":"https:\/\/www.mygreenexport.com\/es\/wp-json\/wp\/v2\/categories?post=2727"},{"taxonomy":"post_tag","embeddable":true,"href":"https:\/\/www.mygreenexport.com\/es\/wp-json\/wp\/v2\/tags?post=2727"}],"curies":[{"name":"wp","href":"https:\/\/api.w.org\/{rel}","templated":true}]}}