{"id":3068,"date":"2023-06-13T09:27:04","date_gmt":"2023-06-13T08:27:04","guid":{"rendered":"https:\/\/www.mygreenexport.com\/?p=3068"},"modified":"2023-09-13T07:51:27","modified_gmt":"2023-09-13T06:51:27","slug":"ficus_carica","status":"publish","type":"post","link":"https:\/\/www.mygreenexport.com\/es\/ficus_carica\/","title":{"rendered":"Ficus carica"},"content":{"rendered":"<p>Originaria de la regi\u00f3n mediterr\u00e1nea, se cultiva desde la antig\u00fcedad. Sus frutos carnosos son comestibles.<\/p>\n<p>Ficus carica puede ser un peque\u00f1o \u00e1rbol caducifolio o un gran arbusto que crece hasta 7\u201310 m de altura.<\/p>\n<p>Tolera las heladas estacionales moderadas y se puede cultivar incluso en climas continentales de verano caluroso.<\/p>\n<p>Las plantas generalmente mostrar\u00e1n una muerte significativa en los inviernos fr\u00edos.<\/p>\n<p>Crece silvestre en lugares secos y soleados con suelo profundo y fresco. Prefiere suelos relativamente porosos y de drenaje libre.<\/p>\n<p>Ficus carica puede crecer en suelos nutricionalmente pobres.<\/p>\n","protected":false},"excerpt":{"rendered":"<p>Originaria de la regi\u00f3n mediterr\u00e1nea, se cultiva desde la antig\u00fcedad. Sus frutos carnosos son comestibles. Ficus carica puede ser un peque\u00f1o \u00e1rbol caducifolio o un gran arbusto que crece hasta 7\u201310 m&#8230;<\/p>\n","protected":false},"author":2,"featured_media":3070,"comment_status":"open","ping_status":"open","sticky":false,"template":"","format":"image","meta":{"footnotes":""},"categories":[84,86,72,83,98],"tags":[101,75,102,76,103,73],"yoast_head":"<!-- This site is optimized with the Yoast SEO plugin v22.0 - https:\/\/yoast.com\/wordpress\/plugins\/seo\/ -->\n<title>Ficus carica | Green Export Italy - Plants, Trees and more<\/title>\n<meta name=\"description\" content=\"ficus_carica\" \/>\n<meta name=\"robots\" content=\"index, follow, max-snippet:-1, max-image-preview:large, max-video-preview:-1\" \/>\n<link rel=\"canonical\" href=\"https:\/\/www.mygreenexport.com\/es\/ficus_carica\/\" \/>\n<meta property=\"og:locale\" content=\"es_ES\" \/>\n<meta property=\"og:type\" content=\"article\" \/>\n<meta property=\"og:title\" content=\"Ficus carica | Green Export Italy - Plants, Trees and more\" \/>\n<meta property=\"og:description\" content=\"ficus_carica\" \/>\n<meta property=\"og:url\" content=\"https:\/\/www.mygreenexport.com\/es\/ficus_carica\/\" \/>\n<meta property=\"og:site_name\" content=\"Green Export Italy - Plants, Trees and more\" \/>\n<meta property=\"article:publisher\" content=\"https:\/\/www.facebook.com\/greenexport.barbarabelvito\/\" \/>\n<meta property=\"article:published_time\" content=\"2023-06-13T08:27:04+00:00\" \/>\n<meta property=\"article:modified_time\" content=\"2023-09-13T06:51:27+00:00\" \/>\n<meta property=\"og:image\" content=\"https:\/\/www.mygreenexport.com\/wp-content\/uploads\/2023\/06\/ficus-carica-v18.jpeg\" \/>\n\t<meta property=\"og:image:width\" content=\"1116\" \/>\n\t<meta property=\"og:image:height\" content=\"1116\" \/>\n\t<meta property=\"og:image:type\" content=\"image\/jpeg\" \/>\n<meta name=\"author\" content=\"Barbara Belvito\" \/>\n<meta name=\"twitter:card\" content=\"summary_large_image\" \/>\n<meta name=\"twitter:label1\" content=\"Escrito por\" \/>\n\t<meta name=\"twitter:data1\" content=\"Barbara Belvito\" \/>\n<script type=\"application\/ld+json\" class=\"yoast-schema-graph\">{\"@context\":\"https:\/\/schema.org\",\"@graph\":[{\"@type\":\"Article\",\"@id\":\"https:\/\/www.mygreenexport.com\/es\/ficus_carica\/#article\",\"isPartOf\":{\"@id\":\"https:\/\/www.mygreenexport.com\/es\/ficus_carica\/\"},\"author\":{\"name\":\"Barbara Belvito\",\"@id\":\"https:\/\/www.mygreenexport.com\/es\/#\/schema\/person\/e95703e85e1e1ebbe0d84ba55d1fc78e\"},\"headline\":\"Ficus carica\",\"datePublished\":\"2023-06-13T08:27:04+00:00\",\"dateModified\":\"2023-09-13T06:51:27+00:00\",\"mainEntityOfPage\":{\"@id\":\"https:\/\/www.mygreenexport.com\/es\/ficus_carica\/\"},\"wordCount\":96,\"commentCount\":0,\"publisher\":{\"@id\":\"https:\/\/www.mygreenexport.com\/es\/#organization\"},\"keywords\":[\"export\",\"exportar\",\"green life\",\"Plantas\",\"plants\",\"vida verde\"],\"articleSection\":[\"\u00c1rboles\",\"Macetas\",\"Nuevo producto\",\"Plantas en macetas\",\"Plantas j\u00f3venes\"],\"inLanguage\":\"es\",\"potentialAction\":[{\"@type\":\"CommentAction\",\"name\":\"Comment\",\"target\":[\"https:\/\/www.mygreenexport.com\/es\/ficus_carica\/#respond\"]}]},{\"@type\":\"WebPage\",\"@id\":\"https:\/\/www.mygreenexport.com\/es\/ficus_carica\/\",\"url\":\"https:\/\/www.mygreenexport.com\/es\/ficus_carica\/\",\"name\":\"Ficus carica | Green Export Italy - Plants, Trees and more\",\"isPartOf\":{\"@id\":\"https:\/\/www.mygreenexport.com\/es\/#website\"},\"datePublished\":\"2023-06-13T08:27:04+00:00\",\"dateModified\":\"2023-09-13T06:51:27+00:00\",\"description\":\"ficus_carica\",\"breadcrumb\":{\"@id\":\"https:\/\/www.mygreenexport.com\/es\/ficus_carica\/#breadcrumb\"},\"inLanguage\":\"es\",\"potentialAction\":[{\"@type\":\"ReadAction\",\"target\":[\"https:\/\/www.mygreenexport.com\/es\/ficus_carica\/\"]}]},{\"@type\":\"BreadcrumbList\",\"@id\":\"https:\/\/www.mygreenexport.com\/es\/ficus_carica\/#breadcrumb\",\"itemListElement\":[{\"@type\":\"ListItem\",\"position\":1,\"name\":\"Home\",\"item\":\"https:\/\/www.mygreenexport.com\/es\/\"},{\"@type\":\"ListItem\",\"position\":2,\"name\":\"Ficus carica\"}]},{\"@type\":\"WebSite\",\"@id\":\"https:\/\/www.mygreenexport.com\/es\/#website\",\"url\":\"https:\/\/www.mygreenexport.com\/es\/\",\"name\":\"Green Export Italy - Plants, Trees and more\",\"description\":\"Export of Plants, Flowers and Trees in the world\",\"publisher\":{\"@id\":\"https:\/\/www.mygreenexport.com\/es\/#organization\"},\"potentialAction\":[{\"@type\":\"SearchAction\",\"target\":{\"@type\":\"EntryPoint\",\"urlTemplate\":\"https:\/\/www.mygreenexport.com\/es\/?s={search_term_string}\"},\"query-input\":\"required name=search_term_string\"}],\"inLanguage\":\"es\"},{\"@type\":\"Organization\",\"@id\":\"https:\/\/www.mygreenexport.com\/es\/#organization\",\"name\":\"Green Export di Barbara Belvito\",\"url\":\"https:\/\/www.mygreenexport.com\/es\/\",\"logo\":{\"@type\":\"ImageObject\",\"inLanguage\":\"es\",\"@id\":\"https:\/\/www.mygreenexport.com\/es\/#\/schema\/logo\/image\/\",\"url\":\"https:\/\/www.mygreenexport.com\/wp-content\/uploads\/2019\/05\/logo-greenexport-barbara-belvito-completo-orizzontale_2.png\",\"contentUrl\":\"https:\/\/www.mygreenexport.com\/wp-content\/uploads\/2019\/05\/logo-greenexport-barbara-belvito-completo-orizzontale_2.png\",\"width\":1250,\"height\":280,\"caption\":\"Green Export di Barbara Belvito\"},\"image\":{\"@id\":\"https:\/\/www.mygreenexport.com\/es\/#\/schema\/logo\/image\/\"},\"sameAs\":[\"https:\/\/www.facebook.com\/greenexport.barbarabelvito\/\",\"https:\/\/www.instagram.com\/barbarab_greenexport\"]},{\"@type\":\"Person\",\"@id\":\"https:\/\/www.mygreenexport.com\/es\/#\/schema\/person\/e95703e85e1e1ebbe0d84ba55d1fc78e\",\"name\":\"Barbara Belvito\",\"image\":{\"@type\":\"ImageObject\",\"inLanguage\":\"es\",\"@id\":\"https:\/\/www.mygreenexport.com\/es\/#\/schema\/person\/image\/\",\"url\":\"https:\/\/secure.gravatar.com\/avatar\/c6764597e16078ab1b9469e06410d784?s=96&d=mm&r=g\",\"contentUrl\":\"https:\/\/secure.gravatar.com\/avatar\/c6764597e16078ab1b9469e06410d784?s=96&d=mm&r=g\",\"caption\":\"Barbara Belvito\"}}]}<\/script>\n<!-- \/ Yoast SEO plugin. -->","yoast_head_json":{"title":"Ficus carica | Green Export Italy - Plants, Trees and more","description":"ficus_carica","robots":{"index":"index","follow":"follow","max-snippet":"max-snippet:-1","max-image-preview":"max-image-preview:large","max-video-preview":"max-video-preview:-1"},"canonical":"https:\/\/www.mygreenexport.com\/es\/ficus_carica\/","og_locale":"es_ES","og_type":"article","og_title":"Ficus carica | Green Export Italy - Plants, Trees and more","og_description":"ficus_carica","og_url":"https:\/\/www.mygreenexport.com\/es\/ficus_carica\/","og_site_name":"Green Export Italy - Plants, Trees and more","article_publisher":"https:\/\/www.facebook.com\/greenexport.barbarabelvito\/","article_published_time":"2023-06-13T08:27:04+00:00","article_modified_time":"2023-09-13T06:51:27+00:00","og_image":[{"width":1116,"height":1116,"url":"https:\/\/www.mygreenexport.com\/wp-content\/uploads\/2023\/06\/ficus-carica-v18.jpeg","type":"image\/jpeg"}],"author":"Barbara Belvito","twitter_card":"summary_large_image","twitter_misc":{"Escrito por":"Barbara Belvito"},"schema":{"@context":"https:\/\/schema.org","@graph":[{"@type":"Article","@id":"https:\/\/www.mygreenexport.com\/es\/ficus_carica\/#article","isPartOf":{"@id":"https:\/\/www.mygreenexport.com\/es\/ficus_carica\/"},"author":{"name":"Barbara Belvito","@id":"https:\/\/www.mygreenexport.com\/es\/#\/schema\/person\/e95703e85e1e1ebbe0d84ba55d1fc78e"},"headline":"Ficus carica","datePublished":"2023-06-13T08:27:04+00:00","dateModified":"2023-09-13T06:51:27+00:00","mainEntityOfPage":{"@id":"https:\/\/www.mygreenexport.com\/es\/ficus_carica\/"},"wordCount":96,"commentCount":0,"publisher":{"@id":"https:\/\/www.mygreenexport.com\/es\/#organization"},"keywords":["export","exportar","green life","Plantas","plants","vida verde"],"articleSection":["\u00c1rboles","Macetas","Nuevo producto","Plantas en macetas","Plantas j\u00f3venes"],"inLanguage":"es","potentialAction":[{"@type":"CommentAction","name":"Comment","target":["https:\/\/www.mygreenexport.com\/es\/ficus_carica\/#respond"]}]},{"@type":"WebPage","@id":"https:\/\/www.mygreenexport.com\/es\/ficus_carica\/","url":"https:\/\/www.mygreenexport.com\/es\/ficus_carica\/","name":"Ficus carica | Green Export Italy - Plants, Trees and more","isPartOf":{"@id":"https:\/\/www.mygreenexport.com\/es\/#website"},"datePublished":"2023-06-13T08:27:04+00:00","dateModified":"2023-09-13T06:51:27+00:00","description":"ficus_carica","breadcrumb":{"@id":"https:\/\/www.mygreenexport.com\/es\/ficus_carica\/#breadcrumb"},"inLanguage":"es","potentialAction":[{"@type":"ReadAction","target":["https:\/\/www.mygreenexport.com\/es\/ficus_carica\/"]}]},{"@type":"BreadcrumbList","@id":"https:\/\/www.mygreenexport.com\/es\/ficus_carica\/#breadcrumb","itemListElement":[{"@type":"ListItem","position":1,"name":"Home","item":"https:\/\/www.mygreenexport.com\/es\/"},{"@type":"ListItem","position":2,"name":"Ficus carica"}]},{"@type":"WebSite","@id":"https:\/\/www.mygreenexport.com\/es\/#website","url":"https:\/\/www.mygreenexport.com\/es\/","name":"Green Export Italy - Plants, Trees and more","description":"Export of Plants, Flowers and Trees in the world","publisher":{"@id":"https:\/\/www.mygreenexport.com\/es\/#organization"},"potentialAction":[{"@type":"SearchAction","target":{"@type":"EntryPoint","urlTemplate":"https:\/\/www.mygreenexport.com\/es\/?s={search_term_string}"},"query-input":"required name=search_term_string"}],"inLanguage":"es"},{"@type":"Organization","@id":"https:\/\/www.mygreenexport.com\/es\/#organization","name":"Green Export di Barbara Belvito","url":"https:\/\/www.mygreenexport.com\/es\/","logo":{"@type":"ImageObject","inLanguage":"es","@id":"https:\/\/www.mygreenexport.com\/es\/#\/schema\/logo\/image\/","url":"https:\/\/www.mygreenexport.com\/wp-content\/uploads\/2019\/05\/logo-greenexport-barbara-belvito-completo-orizzontale_2.png","contentUrl":"https:\/\/www.mygreenexport.com\/wp-content\/uploads\/2019\/05\/logo-greenexport-barbara-belvito-completo-orizzontale_2.png","width":1250,"height":280,"caption":"Green Export di Barbara Belvito"},"image":{"@id":"https:\/\/www.mygreenexport.com\/es\/#\/schema\/logo\/image\/"},"sameAs":["https:\/\/www.facebook.com\/greenexport.barbarabelvito\/","https:\/\/www.instagram.com\/barbarab_greenexport"]},{"@type":"Person","@id":"https:\/\/www.mygreenexport.com\/es\/#\/schema\/person\/e95703e85e1e1ebbe0d84ba55d1fc78e","name":"Barbara Belvito","image":{"@type":"ImageObject","inLanguage":"es","@id":"https:\/\/www.mygreenexport.com\/es\/#\/schema\/person\/image\/","url":"https:\/\/secure.gravatar.com\/avatar\/c6764597e16078ab1b9469e06410d784?s=96&d=mm&r=g","contentUrl":"https:\/\/secure.gravatar.com\/avatar\/c6764597e16078ab1b9469e06410d784?s=96&d=mm&r=g","caption":"Barbara Belvito"}}]}},"_links":{"self":[{"href":"https:\/\/www.mygreenexport.com\/es\/wp-json\/wp\/v2\/posts\/3068"}],"collection":[{"href":"https:\/\/www.mygreenexport.com\/es\/wp-json\/wp\/v2\/posts"}],"about":[{"href":"https:\/\/www.mygreenexport.com\/es\/wp-json\/wp\/v2\/types\/post"}],"author":[{"embeddable":true,"href":"https:\/\/www.mygreenexport.com\/es\/wp-json\/wp\/v2\/users\/2"}],"replies":[{"embeddable":true,"href":"https:\/\/www.mygreenexport.com\/es\/wp-json\/wp\/v2\/comments?post=3068"}],"version-history":[{"count":2,"href":"https:\/\/www.mygreenexport.com\/es\/wp-json\/wp\/v2\/posts\/3068\/revisions"}],"predecessor-version":[{"id":3186,"href":"https:\/\/www.mygreenexport.com\/es\/wp-json\/wp\/v2\/posts\/3068\/revisions\/3186"}],"wp:featuredmedia":[{"embeddable":true,"href":"https:\/\/www.mygreenexport.com\/es\/wp-json\/wp\/v2\/media\/3070"}],"wp:attachment":[{"href":"https:\/\/www.mygreenexport.com\/es\/wp-json\/wp\/v2\/media?parent=3068"}],"wp:term":[{"taxonomy":"category","embeddable":true,"href":"https:\/\/www.mygreenexport.com\/es\/wp-json\/wp\/v2\/categories?post=3068"},{"taxonomy":"post_tag","embeddable":true,"href":"https:\/\/www.mygreenexport.com\/es\/wp-json\/wp\/v2\/tags?post=3068"}],"curies":[{"name":"wp","href":"https:\/\/api.w.org\/{rel}","templated":true}]}}