{"id":3162,"date":"2023-09-06T10:36:10","date_gmt":"2023-09-06T09:36:10","guid":{"rendered":"https:\/\/www.mygreenexport.com\/?p=3162"},"modified":"2023-09-13T07:48:39","modified_gmt":"2023-09-13T06:48:39","slug":"schinus_terebinthifolia","status":"publish","type":"post","link":"https:\/\/www.mygreenexport.com\/es\/schinus_terebinthifolia\/","title":{"rendered":"Schinus terebinthifolia"},"content":{"rendered":"<p>Conocida tambi\u00e9n como pimienta rosa o pimienta brasile\u00f1a, es un \u00e1rbol peque\u00f1o extenso que alcanza una altura de 7 a 10 m.<\/p>\n<p>Para esta planta el suelo es indiferente, tolera la sequ\u00eda. Teme el fr\u00edo intenso; Prospera en zonas soleadas, en sombra parcial y cerca del mar. En su h\u00e1bitat nativo es mel\u00edfero. Se ha generalizado y se considera una especie invasora en muchas regiones subtropicales con precipitaciones de moderadas a altas.<\/p>\n<p>Crece r\u00e1pidamente; es un prol\u00edfico productor de semillas; su follaje se enrojece casi continuamente; es vigorosamente caducifolio; y tolera una amplia gama de condiciones del sitio, pero prefiere un clima c\u00e1lido con temperaturas entre 20 y 38\u00b0C.<\/p>\n<p>Schinus terebinthifolia se cultiva ampliamente como planta ornamental en regiones libres de heladas por su follaje, floraci\u00f3n y frutos. Se puede utilizar f\u00e1cilmente como decoraci\u00f3n en aparcamientos y calles estrechas.<\/p>\n<p>&nbsp;<\/p>\n<p>&nbsp;<\/p>\n<p>&nbsp;<\/p>\n","protected":false},"excerpt":{"rendered":"<p>Conocida tambi\u00e9n como pimienta rosa o pimienta brasile\u00f1a, es un \u00e1rbol peque\u00f1o extenso que alcanza una altura de 7 a 10 m. Para esta planta el suelo es indiferente, tolera la sequ\u00eda&#8230;.<\/p>\n","protected":false},"author":2,"featured_media":3164,"comment_status":"open","ping_status":"open","sticky":false,"template":"","format":"image","meta":{"footnotes":""},"categories":[84,71,72,83,98],"tags":[101,75,102,76,103,73],"yoast_head":"<!-- This site is optimized with the Yoast SEO plugin v22.0 - https:\/\/yoast.com\/wordpress\/plugins\/seo\/ -->\n<title>Schinus terebinthifolia | Green Export Italy - Plants, Trees and more<\/title>\n<meta name=\"description\" content=\"schinus_terebinthifolia\" \/>\n<meta name=\"robots\" content=\"index, follow, max-snippet:-1, max-image-preview:large, max-video-preview:-1\" \/>\n<link rel=\"canonical\" href=\"https:\/\/www.mygreenexport.com\/es\/schinus_terebinthifolia\/\" \/>\n<meta property=\"og:locale\" content=\"es_ES\" \/>\n<meta property=\"og:type\" content=\"article\" \/>\n<meta property=\"og:title\" content=\"Schinus terebinthifolia | Green Export Italy - Plants, Trees and more\" \/>\n<meta property=\"og:description\" content=\"schinus_terebinthifolia\" \/>\n<meta property=\"og:url\" content=\"https:\/\/www.mygreenexport.com\/es\/schinus_terebinthifolia\/\" \/>\n<meta property=\"og:site_name\" content=\"Green Export Italy - Plants, Trees and more\" \/>\n<meta property=\"article:publisher\" content=\"https:\/\/www.facebook.com\/greenexport.barbarabelvito\/\" \/>\n<meta property=\"article:published_time\" content=\"2023-09-06T09:36:10+00:00\" \/>\n<meta property=\"article:modified_time\" content=\"2023-09-13T06:48:39+00:00\" \/>\n<meta property=\"og:image\" content=\"https:\/\/www.mygreenexport.com\/wp-content\/uploads\/2023\/09\/Schinus-terebinthifolia.jpg\" \/>\n\t<meta property=\"og:image:width\" content=\"1152\" \/>\n\t<meta property=\"og:image:height\" content=\"2048\" \/>\n\t<meta property=\"og:image:type\" content=\"image\/jpeg\" \/>\n<meta name=\"author\" content=\"Barbara Belvito\" \/>\n<meta name=\"twitter:card\" content=\"summary_large_image\" \/>\n<meta name=\"twitter:label1\" content=\"Escrito por\" \/>\n\t<meta name=\"twitter:data1\" content=\"Barbara Belvito\" \/>\n\t<meta name=\"twitter:label2\" content=\"Tiempo de lectura\" \/>\n\t<meta name=\"twitter:data2\" content=\"1 minuto\" \/>\n<script type=\"application\/ld+json\" class=\"yoast-schema-graph\">{\"@context\":\"https:\/\/schema.org\",\"@graph\":[{\"@type\":\"Article\",\"@id\":\"https:\/\/www.mygreenexport.com\/es\/schinus_terebinthifolia\/#article\",\"isPartOf\":{\"@id\":\"https:\/\/www.mygreenexport.com\/es\/schinus_terebinthifolia\/\"},\"author\":{\"name\":\"Barbara Belvito\",\"@id\":\"https:\/\/www.mygreenexport.com\/es\/#\/schema\/person\/e95703e85e1e1ebbe0d84ba55d1fc78e\"},\"headline\":\"Schinus terebinthifolia\",\"datePublished\":\"2023-09-06T09:36:10+00:00\",\"dateModified\":\"2023-09-13T06:48:39+00:00\",\"mainEntityOfPage\":{\"@id\":\"https:\/\/www.mygreenexport.com\/es\/schinus_terebinthifolia\/\"},\"wordCount\":154,\"commentCount\":0,\"publisher\":{\"@id\":\"https:\/\/www.mygreenexport.com\/es\/#organization\"},\"keywords\":[\"export\",\"exportar\",\"green life\",\"Plantas\",\"plants\",\"vida verde\"],\"articleSection\":[\"\u00c1rboles\",\"Flores\",\"Nuevo producto\",\"Plantas en macetas\",\"Plantas j\u00f3venes\"],\"inLanguage\":\"es\",\"potentialAction\":[{\"@type\":\"CommentAction\",\"name\":\"Comment\",\"target\":[\"https:\/\/www.mygreenexport.com\/es\/schinus_terebinthifolia\/#respond\"]}]},{\"@type\":\"WebPage\",\"@id\":\"https:\/\/www.mygreenexport.com\/es\/schinus_terebinthifolia\/\",\"url\":\"https:\/\/www.mygreenexport.com\/es\/schinus_terebinthifolia\/\",\"name\":\"Schinus terebinthifolia | Green Export Italy - Plants, Trees and more\",\"isPartOf\":{\"@id\":\"https:\/\/www.mygreenexport.com\/es\/#website\"},\"datePublished\":\"2023-09-06T09:36:10+00:00\",\"dateModified\":\"2023-09-13T06:48:39+00:00\",\"description\":\"schinus_terebinthifolia\",\"breadcrumb\":{\"@id\":\"https:\/\/www.mygreenexport.com\/es\/schinus_terebinthifolia\/#breadcrumb\"},\"inLanguage\":\"es\",\"potentialAction\":[{\"@type\":\"ReadAction\",\"target\":[\"https:\/\/www.mygreenexport.com\/es\/schinus_terebinthifolia\/\"]}]},{\"@type\":\"BreadcrumbList\",\"@id\":\"https:\/\/www.mygreenexport.com\/es\/schinus_terebinthifolia\/#breadcrumb\",\"itemListElement\":[{\"@type\":\"ListItem\",\"position\":1,\"name\":\"Home\",\"item\":\"https:\/\/www.mygreenexport.com\/es\/\"},{\"@type\":\"ListItem\",\"position\":2,\"name\":\"Schinus terebinthifolia\"}]},{\"@type\":\"WebSite\",\"@id\":\"https:\/\/www.mygreenexport.com\/es\/#website\",\"url\":\"https:\/\/www.mygreenexport.com\/es\/\",\"name\":\"Green Export Italy - Plants, Trees and more\",\"description\":\"Export of Plants, Flowers and Trees in the world\",\"publisher\":{\"@id\":\"https:\/\/www.mygreenexport.com\/es\/#organization\"},\"potentialAction\":[{\"@type\":\"SearchAction\",\"target\":{\"@type\":\"EntryPoint\",\"urlTemplate\":\"https:\/\/www.mygreenexport.com\/es\/?s={search_term_string}\"},\"query-input\":\"required name=search_term_string\"}],\"inLanguage\":\"es\"},{\"@type\":\"Organization\",\"@id\":\"https:\/\/www.mygreenexport.com\/es\/#organization\",\"name\":\"Green Export di Barbara Belvito\",\"url\":\"https:\/\/www.mygreenexport.com\/es\/\",\"logo\":{\"@type\":\"ImageObject\",\"inLanguage\":\"es\",\"@id\":\"https:\/\/www.mygreenexport.com\/es\/#\/schema\/logo\/image\/\",\"url\":\"https:\/\/www.mygreenexport.com\/wp-content\/uploads\/2019\/05\/logo-greenexport-barbara-belvito-completo-orizzontale_2.png\",\"contentUrl\":\"https:\/\/www.mygreenexport.com\/wp-content\/uploads\/2019\/05\/logo-greenexport-barbara-belvito-completo-orizzontale_2.png\",\"width\":1250,\"height\":280,\"caption\":\"Green Export di Barbara Belvito\"},\"image\":{\"@id\":\"https:\/\/www.mygreenexport.com\/es\/#\/schema\/logo\/image\/\"},\"sameAs\":[\"https:\/\/www.facebook.com\/greenexport.barbarabelvito\/\",\"https:\/\/www.instagram.com\/barbarab_greenexport\"]},{\"@type\":\"Person\",\"@id\":\"https:\/\/www.mygreenexport.com\/es\/#\/schema\/person\/e95703e85e1e1ebbe0d84ba55d1fc78e\",\"name\":\"Barbara Belvito\",\"image\":{\"@type\":\"ImageObject\",\"inLanguage\":\"es\",\"@id\":\"https:\/\/www.mygreenexport.com\/es\/#\/schema\/person\/image\/\",\"url\":\"https:\/\/secure.gravatar.com\/avatar\/c6764597e16078ab1b9469e06410d784?s=96&d=mm&r=g\",\"contentUrl\":\"https:\/\/secure.gravatar.com\/avatar\/c6764597e16078ab1b9469e06410d784?s=96&d=mm&r=g\",\"caption\":\"Barbara Belvito\"}}]}<\/script>\n<!-- \/ Yoast SEO plugin. -->","yoast_head_json":{"title":"Schinus terebinthifolia | Green Export Italy - Plants, Trees and more","description":"schinus_terebinthifolia","robots":{"index":"index","follow":"follow","max-snippet":"max-snippet:-1","max-image-preview":"max-image-preview:large","max-video-preview":"max-video-preview:-1"},"canonical":"https:\/\/www.mygreenexport.com\/es\/schinus_terebinthifolia\/","og_locale":"es_ES","og_type":"article","og_title":"Schinus terebinthifolia | Green Export Italy - Plants, Trees and more","og_description":"schinus_terebinthifolia","og_url":"https:\/\/www.mygreenexport.com\/es\/schinus_terebinthifolia\/","og_site_name":"Green Export Italy - Plants, Trees and more","article_publisher":"https:\/\/www.facebook.com\/greenexport.barbarabelvito\/","article_published_time":"2023-09-06T09:36:10+00:00","article_modified_time":"2023-09-13T06:48:39+00:00","og_image":[{"width":1152,"height":2048,"url":"https:\/\/www.mygreenexport.com\/wp-content\/uploads\/2023\/09\/Schinus-terebinthifolia.jpg","type":"image\/jpeg"}],"author":"Barbara Belvito","twitter_card":"summary_large_image","twitter_misc":{"Escrito por":"Barbara Belvito","Tiempo de lectura":"1 minuto"},"schema":{"@context":"https:\/\/schema.org","@graph":[{"@type":"Article","@id":"https:\/\/www.mygreenexport.com\/es\/schinus_terebinthifolia\/#article","isPartOf":{"@id":"https:\/\/www.mygreenexport.com\/es\/schinus_terebinthifolia\/"},"author":{"name":"Barbara Belvito","@id":"https:\/\/www.mygreenexport.com\/es\/#\/schema\/person\/e95703e85e1e1ebbe0d84ba55d1fc78e"},"headline":"Schinus terebinthifolia","datePublished":"2023-09-06T09:36:10+00:00","dateModified":"2023-09-13T06:48:39+00:00","mainEntityOfPage":{"@id":"https:\/\/www.mygreenexport.com\/es\/schinus_terebinthifolia\/"},"wordCount":154,"commentCount":0,"publisher":{"@id":"https:\/\/www.mygreenexport.com\/es\/#organization"},"keywords":["export","exportar","green life","Plantas","plants","vida verde"],"articleSection":["\u00c1rboles","Flores","Nuevo producto","Plantas en macetas","Plantas j\u00f3venes"],"inLanguage":"es","potentialAction":[{"@type":"CommentAction","name":"Comment","target":["https:\/\/www.mygreenexport.com\/es\/schinus_terebinthifolia\/#respond"]}]},{"@type":"WebPage","@id":"https:\/\/www.mygreenexport.com\/es\/schinus_terebinthifolia\/","url":"https:\/\/www.mygreenexport.com\/es\/schinus_terebinthifolia\/","name":"Schinus terebinthifolia | Green Export Italy - Plants, Trees and more","isPartOf":{"@id":"https:\/\/www.mygreenexport.com\/es\/#website"},"datePublished":"2023-09-06T09:36:10+00:00","dateModified":"2023-09-13T06:48:39+00:00","description":"schinus_terebinthifolia","breadcrumb":{"@id":"https:\/\/www.mygreenexport.com\/es\/schinus_terebinthifolia\/#breadcrumb"},"inLanguage":"es","potentialAction":[{"@type":"ReadAction","target":["https:\/\/www.mygreenexport.com\/es\/schinus_terebinthifolia\/"]}]},{"@type":"BreadcrumbList","@id":"https:\/\/www.mygreenexport.com\/es\/schinus_terebinthifolia\/#breadcrumb","itemListElement":[{"@type":"ListItem","position":1,"name":"Home","item":"https:\/\/www.mygreenexport.com\/es\/"},{"@type":"ListItem","position":2,"name":"Schinus terebinthifolia"}]},{"@type":"WebSite","@id":"https:\/\/www.mygreenexport.com\/es\/#website","url":"https:\/\/www.mygreenexport.com\/es\/","name":"Green Export Italy - Plants, Trees and more","description":"Export of Plants, Flowers and Trees in the world","publisher":{"@id":"https:\/\/www.mygreenexport.com\/es\/#organization"},"potentialAction":[{"@type":"SearchAction","target":{"@type":"EntryPoint","urlTemplate":"https:\/\/www.mygreenexport.com\/es\/?s={search_term_string}"},"query-input":"required name=search_term_string"}],"inLanguage":"es"},{"@type":"Organization","@id":"https:\/\/www.mygreenexport.com\/es\/#organization","name":"Green Export di Barbara Belvito","url":"https:\/\/www.mygreenexport.com\/es\/","logo":{"@type":"ImageObject","inLanguage":"es","@id":"https:\/\/www.mygreenexport.com\/es\/#\/schema\/logo\/image\/","url":"https:\/\/www.mygreenexport.com\/wp-content\/uploads\/2019\/05\/logo-greenexport-barbara-belvito-completo-orizzontale_2.png","contentUrl":"https:\/\/www.mygreenexport.com\/wp-content\/uploads\/2019\/05\/logo-greenexport-barbara-belvito-completo-orizzontale_2.png","width":1250,"height":280,"caption":"Green Export di Barbara Belvito"},"image":{"@id":"https:\/\/www.mygreenexport.com\/es\/#\/schema\/logo\/image\/"},"sameAs":["https:\/\/www.facebook.com\/greenexport.barbarabelvito\/","https:\/\/www.instagram.com\/barbarab_greenexport"]},{"@type":"Person","@id":"https:\/\/www.mygreenexport.com\/es\/#\/schema\/person\/e95703e85e1e1ebbe0d84ba55d1fc78e","name":"Barbara Belvito","image":{"@type":"ImageObject","inLanguage":"es","@id":"https:\/\/www.mygreenexport.com\/es\/#\/schema\/person\/image\/","url":"https:\/\/secure.gravatar.com\/avatar\/c6764597e16078ab1b9469e06410d784?s=96&d=mm&r=g","contentUrl":"https:\/\/secure.gravatar.com\/avatar\/c6764597e16078ab1b9469e06410d784?s=96&d=mm&r=g","caption":"Barbara Belvito"}}]}},"_links":{"self":[{"href":"https:\/\/www.mygreenexport.com\/es\/wp-json\/wp\/v2\/posts\/3162"}],"collection":[{"href":"https:\/\/www.mygreenexport.com\/es\/wp-json\/wp\/v2\/posts"}],"about":[{"href":"https:\/\/www.mygreenexport.com\/es\/wp-json\/wp\/v2\/types\/post"}],"author":[{"embeddable":true,"href":"https:\/\/www.mygreenexport.com\/es\/wp-json\/wp\/v2\/users\/2"}],"replies":[{"embeddable":true,"href":"https:\/\/www.mygreenexport.com\/es\/wp-json\/wp\/v2\/comments?post=3162"}],"version-history":[{"count":2,"href":"https:\/\/www.mygreenexport.com\/es\/wp-json\/wp\/v2\/posts\/3162\/revisions"}],"predecessor-version":[{"id":3182,"href":"https:\/\/www.mygreenexport.com\/es\/wp-json\/wp\/v2\/posts\/3162\/revisions\/3182"}],"wp:featuredmedia":[{"embeddable":true,"href":"https:\/\/www.mygreenexport.com\/es\/wp-json\/wp\/v2\/media\/3164"}],"wp:attachment":[{"href":"https:\/\/www.mygreenexport.com\/es\/wp-json\/wp\/v2\/media?parent=3162"}],"wp:term":[{"taxonomy":"category","embeddable":true,"href":"https:\/\/www.mygreenexport.com\/es\/wp-json\/wp\/v2\/categories?post=3162"},{"taxonomy":"post_tag","embeddable":true,"href":"https:\/\/www.mygreenexport.com\/es\/wp-json\/wp\/v2\/tags?post=3162"}],"curies":[{"name":"wp","href":"https:\/\/api.w.org\/{rel}","templated":true}]}}